{"id":309,"date":"2025-07-15T12:29:25","date_gmt":"2025-07-15T12:29:25","guid":{"rendered":"https:\/\/partimdca.cd\/wsite\/?p=309"},"modified":"2025-07-15T13:00:43","modified_gmt":"2025-07-15T13:00:43","slug":"declaration-politique-n002-mdca-sg-07-2025","status":"publish","type":"post","link":"https:\/\/partimdca.cd\/wsite\/2025\/07\/15\/declaration-politique-n002-mdca-sg-07-2025\/","title":{"rendered":"DECLARATION POLITIQUE\u00a0SUR L&rsquo;ACCORD DE PAIX DE WASHINGTON ENTRE LA RDC ET LE RWANDA"},"content":{"rendered":"\n<figure class=\"wp-block-image size-full is-resized\"><img loading=\"lazy\" decoding=\"async\" width=\"554\" height=\"291\" src=\"https:\/\/partimdca.cd\/wsite\/wp-content\/uploads\/2025\/07\/image.png\" alt=\"\" class=\"wp-image-310\" style=\"width:470px;height:auto\" srcset=\"https:\/\/partimdca.cd\/wsite\/wp-content\/uploads\/2025\/07\/image.png 554w, https:\/\/partimdca.cd\/wsite\/wp-content\/uploads\/2025\/07\/image-300x158.png 300w\" sizes=\"auto, (max-width: 554px) 100vw, 554px\" \/><\/figure>\n\n\n\n<p class=\"wp-block-paragraph\">Ayant lu avec attention soutenue l\u2019accord de paix sign\u00e9 le 27 juin 2025, entre la R\u00e9publique D\u00e9mocratique du Congo (RDC) et le Rwanda \u00e0 Washington, sous l&rsquo;\u00e9gide des \u00c9tats-Unis, accord qui vise \u00e0 mettre fin \u00e0 des d\u00e9cennies des conflits dans l&rsquo;Est de la RDC, une guerre qui a caus\u00e9 des souffrances incommensurables et des violations massives des droits humains;<\/p>\n\n\n\n<p class=\"wp-block-paragraph\">Le Mouvement D\u00e9mocratique pour le Congo Avenir, MDCA en sigle, parti cher \u00e0 l\u2019honorable Cl\u00e9ment KAPANGA IBEKI salue avec bravoure, espoir et d\u00e9termination cette signature et apporte &nbsp;son &nbsp;&nbsp;&nbsp;soutien ind\u00e9fectible au &nbsp;Pr\u00e9sident de la R\u00e9publique et Chef de l\u2019Etat, son Excellence F\u00e9lix Antoine TSHIKEDI TSHILOMBO pour sa diplomatie agissante ainsi qu\u2019\u00e0 l\u2019ensemble de son gouvernement pour son accompagnement dans la mat\u00e9rialisation de cet accord qui marque une \u00e9tape cruciale dans le processus de pacification de l\u2019Est de notre cher et beau pays, de coop\u00e9ration et stabilit\u00e9 r\u00e9gionale dans les grands lacs. Au-del\u00e0 d\u2019\u00eatre une victoire diplomatique, cet accord de paix inspir\u00e9 de la r\u00e9solution 2773 du conseil de l\u2019ONU qui oblige au Rwanda le retrait imm\u00e9diat et sans condition de ses troupes dans les zones sous occupation de l\u2019AFC\/M23 vient mettre fin \u00e0 un chantage et au cycle de la peur, est une victoire de la dignit\u00e9 sur la soumission.<\/p>\n\n\n\n<figure class=\"wp-block-image size-full is-resized\"><img loading=\"lazy\" decoding=\"async\" width=\"522\" height=\"271\" src=\"https:\/\/partimdca.cd\/wsite\/wp-content\/uploads\/2025\/07\/image-1.png\" alt=\"\" class=\"wp-image-311\" style=\"width:629px;height:auto\" srcset=\"https:\/\/partimdca.cd\/wsite\/wp-content\/uploads\/2025\/07\/image-1.png 522w, https:\/\/partimdca.cd\/wsite\/wp-content\/uploads\/2025\/07\/image-1-300x156.png 300w\" sizes=\"auto, (max-width: 522px) 100vw, 522px\" \/><\/figure>\n\n\n\n<p class=\"wp-block-paragraph\">Le MDCA salue par la m\u00eame occasion les efforts des m\u00e9diateurs internationaux, notamment les Etats Unies d\u2019Am\u00e9rique, pour leur r\u00f4le constructif dans la facilitation de cet accord historique.<\/p>\n\n\n\n<p class=\"wp-block-paragraph\">Conscient que la paix ne se limite pas \u00e0 la signature de ce document, le MDCA appelle \u00e0 des actions concr\u00e8tes et \u00e0 un engagement sinc\u00e8re de toutes les parties impliqu\u00e9es, notamment le Rwanda au respect des dispositions convenues de mani\u00e8re transparente, le d\u00e9sengagement des forces arm\u00e9es et la cessation de tout soutien \u00e0 AFC\/M23. <a href=\"https:\/\/partimdca.cd\/wsite\/wp-content\/uploads\/2025\/07\/Declaration-accord-de-paix.pdf\" data-type=\"link\" data-id=\"https:\/\/partimdca.cd\/wsite\/wp-content\/uploads\/2025\/07\/Declaration-accord-de-paix.pdf\">Cliquer pour t\u00e9l\u00e9charger la d\u00e9claration<\/a><\/p>\n\n\n\n<p class=\"wp-block-paragraph\"><\/p>\n","protected":false},"excerpt":{"rendered":"<p>Ayant lu avec attention soutenue l\u2019accord de paix sign\u00e9 le 27 juin 2025, entre la R\u00e9publique D\u00e9mocratique du Congo (RDC) et le Rwanda \u00e0 Washington, sous l&rsquo;\u00e9gide des \u00c9tats-Unis, accord qui vise \u00e0 mettre fin \u00e0 des d\u00e9cennies des conflits dans l&rsquo;Est de la RDC, une guerre qui a caus\u00e9 des souffrances incommensurables et des [&hellip;]<\/p>\n","protected":false},"author":2,"featured_media":0,"comment_status":"open","ping_status":"open","sticky":false,"template":"","format":"standard","meta":{"pagelayer_contact_templates":[],"_pagelayer_content":"","footnotes":""},"categories":[1],"tags":[10],"class_list":["post-309","post","type-post","status-publish","format-standard","hentry","category-uncategorized","tag-declaration-de-laccord-de-paix-de-washington-entre-la-rdc-et-rwanda"],"_links":{"self":[{"href":"https:\/\/partimdca.cd\/wsite\/wp-json\/wp\/v2\/posts\/309","targetHints":{"allow":["GET"]}}],"collection":[{"href":"https:\/\/partimdca.cd\/wsite\/wp-json\/wp\/v2\/posts"}],"about":[{"href":"https:\/\/partimdca.cd\/wsite\/wp-json\/wp\/v2\/types\/post"}],"author":[{"embeddable":true,"href":"https:\/\/partimdca.cd\/wsite\/wp-json\/wp\/v2\/users\/2"}],"replies":[{"embeddable":true,"href":"https:\/\/partimdca.cd\/wsite\/wp-json\/wp\/v2\/comments?post=309"}],"version-history":[{"count":5,"href":"https:\/\/partimdca.cd\/wsite\/wp-json\/wp\/v2\/posts\/309\/revisions"}],"predecessor-version":[{"id":319,"href":"https:\/\/partimdca.cd\/wsite\/wp-json\/wp\/v2\/posts\/309\/revisions\/319"}],"wp:attachment":[{"href":"https:\/\/partimdca.cd\/wsite\/wp-json\/wp\/v2\/media?parent=309"}],"wp:term":[{"taxonomy":"category","embeddable":true,"href":"https:\/\/partimdca.cd\/wsite\/wp-json\/wp\/v2\/categories?post=309"},{"taxonomy":"post_tag","embeddable":true,"href":"https:\/\/partimdca.cd\/wsite\/wp-json\/wp\/v2\/tags?post=309"}],"curies":[{"name":"wp","href":"https:\/\/api.w.org\/{rel}","templated":true}]}}